{"id":672,"date":"2012-07-25T20:27:45","date_gmt":"2012-07-25T18:27:45","guid":{"rendered":"http:\/\/laufclub-worb.ch\/?p=672"},"modified":"2012-08-06T18:28:43","modified_gmt":"2012-08-06T16:28:43","slug":"niesentraining-vom-25-juli-2012","status":"publish","type":"post","link":"https:\/\/laufclub-worb.ch\/?p=672","title":{"rendered":"Niesentraining, 25. Juli 2012"},"content":{"rendered":"<p><a title=\"Blick vom auf das Niederhorn\" href=\"http:\/\/laufclub-worb.ch\/b\/wp-content\/uploads\/2012\/08\/20120725_180508.jpg\" target=\"_blank\" rel=\"lightbox[672]\"><img loading=\"lazy\" decoding=\"async\" class=\"alignright size-medium wp-image-665\" title=\"Die Niesenbahn\" src=\"http:\/\/laufclub-worb.ch\/b\/wp-content\/uploads\/2012\/08\/20120725_180508-300x225.jpg\" alt=\"\" width=\"270\" height=\"203\" srcset=\"https:\/\/laufclub-worb.ch\/b\/wp-content\/uploads\/2012\/08\/20120725_180508-300x225.jpg 300w, https:\/\/laufclub-worb.ch\/b\/wp-content\/uploads\/2012\/08\/20120725_180508.jpg 640w\" sizes=\"(max-width: 270px) 100vw, 270px\" \/><\/a><\/p>\n<p>Am 25.07.2012 hatten wir die K\u00fchnheit, die M\u00fclenen-Pyramide joggend zu erklimmen.\u00a0Unser ehrw\u00fcrdiger Berner Hausberg, der Niesen, wartete darauf, von uns bezwungen zu werden.\u00a0Den vielen Serpentinen folgend, auf teilweise steilen Wurzelpfaden stiegen wir im Wald bergan. Immer wieder boten sich wundersch\u00f6ne Ausblicke hin\u00fcber zum Niederhorn und dem Sigriswilergrat.<br \/>\n<a title=\"Blick vom auf das Niederhorn\" href=\"http:\/\/laufclub-worb.ch\/b\/wp-content\/uploads\/2012\/08\/20120725_164019.jpg\" target=\"_blank\" rel=\"lightbox[672]\"><img loading=\"lazy\" decoding=\"async\" class=\"alignright size-medium wp-image-664\" title=\"20120725_164019\" src=\"http:\/\/laufclub-worb.ch\/b\/wp-content\/uploads\/2012\/08\/20120725_164019-300x225.jpg\" alt=\"\" width=\"270\" height=\"203\" srcset=\"https:\/\/laufclub-worb.ch\/b\/wp-content\/uploads\/2012\/08\/20120725_164019-300x225.jpg 300w, https:\/\/laufclub-worb.ch\/b\/wp-content\/uploads\/2012\/08\/20120725_164019.jpg 640w\" sizes=\"(max-width: 270px) 100vw, 270px\" \/><\/a><\/p>\n<div>Ab der Mittelstation folgte der schattenlose Aufstieg \u00fcber die Wiese. Viele Steintritte und M\u00e4uerchen erleichterten den Aufstieg im steilen Gel\u00e4nde. W\u00e4hrend viele nach Atem rangen, glitt das Niesenb\u00e4hnchen auf Br\u00fccken m\u00fchelos an ihnen vorbei. Aber auch der Gel\u00e4ndepfad n\u00e4herte sich langsam dem Bestimmungsort. Das Ziel, der Niesengipfel, bietet ein 360-Grad-Panorama und lohnt sich bei sch\u00f6nem Wetter allemal.<\/div>\n<p><a title=\"Blick vom auf das Niederhorn\" href=\"http:\/\/laufclub-worb.ch\/b\/wp-content\/uploads\/2012\/08\/SAM_0591.jpg\" target=\"_blank\" rel=\"lightbox[672]\"><img loading=\"lazy\" decoding=\"async\" class=\"size-medium wp-image-671 alignright\" title=\"Gruppe 2\" src=\"http:\/\/laufclub-worb.ch\/b\/wp-content\/uploads\/2012\/08\/SAM_0591-300x225.jpg\" alt=\"\" width=\"270\" height=\"203\" srcset=\"https:\/\/laufclub-worb.ch\/b\/wp-content\/uploads\/2012\/08\/SAM_0591-300x225.jpg 300w, https:\/\/laufclub-worb.ch\/b\/wp-content\/uploads\/2012\/08\/SAM_0591.jpg 640w\" sizes=\"(max-width: 270px) 100vw, 270px\" \/><\/a><\/p>\n<div>Acht L\u00e4uferInnen haben den Berg in beeindruckendem Tempo bew\u00e4ltigt, herzliche Gratulation. Drei TeilnehmerInnen stiegen ab Schwandegg auf die Bahn und jubelten die entgegenkommenden Jogger ins Ziel.<br \/>\nNicht nur Jogger zieht es bei sch\u00f6nem Wetter auf den Niesen. Das Mittwochabend-Oberl\u00e4nder Buure Buffet lockt viele Feinschmecker an. Das Restaurant war voll von Gourmets, f\u00fcr uns Jogger blieb nur noch der \u201ePersonalraum\u201c. Ein schmaler Schlauch, die Abstellkammer des Berghauses Niesen Kulm, war unser Speisesaal.<br \/>\nWenn auch der Platz unzureichend war, so erfreuten wir uns doch wenigstens an der grandiosen Aussicht.<\/div>\n<p><a title=\"Blick vom auf das Niederhorn\" href=\"http:\/\/laufclub-worb.ch\/b\/wp-content\/uploads\/2012\/08\/20120725_190015.jpg\" target=\"_blank\" rel=\"lightbox[672]\"><br \/>\n<img loading=\"lazy\" decoding=\"async\" class=\"size-medium wp-image-671 alignright\" title=\"Gruppe 2\" src=\"http:\/\/laufclub-worb.ch\/b\/wp-content\/uploads\/2012\/08\/20120725_190015-300x225.jpg\" alt=\"\" width=\"270\" height=\"203\" \/><\/a><\/p>\n<p>Gleitschirmflieger \u00fcberboten sich in akrobatischen Darbietungen. Wir genossen das Schauspiel der Gleitschirmpiloten in luftiger H\u00f6he.<\/p>\n<p>Voller Stolz, den Niesen erobert zu haben, machten wir uns nach dem Abendessen auf die Heimreise ins Mittelland.<\/p>\n<p><a href=\"http:\/\/laufclub-worb.ch\/b\/wp-content\/uploads\/2012\/08\/20120725_205205.jpg\" target=\"_blank\" rel=\"lightbox[672]\"><img loading=\"lazy\" decoding=\"async\" class=\"size-medium wp-image-670 alignright\" title=\"Blick vom Gipfel\" src=\"http:\/\/laufclub-worb.ch\/b\/wp-content\/uploads\/2012\/08\/20120725_205205-300x225.jpg\" alt=\"\" width=\"270\" height=\"203\" srcset=\"https:\/\/laufclub-worb.ch\/b\/wp-content\/uploads\/2012\/08\/20120725_205205-300x225.jpg 300w, https:\/\/laufclub-worb.ch\/b\/wp-content\/uploads\/2012\/08\/20120725_205205.jpg 640w\" sizes=\"(max-width: 270px) 100vw, 270px\" \/><\/a><\/p>\n<p><a href=\"http:\/\/laufclub-worb.ch\/b\/wp-content\/uploads\/2012\/08\/20120725_191327.jpg\" target=\"_blank\" rel=\"lightbox[672]\"><img loading=\"lazy\" decoding=\"async\" class=\"size-medium wp-image-669 alignright\" title=\"No comment\" src=\"http:\/\/laufclub-worb.ch\/b\/wp-content\/uploads\/2012\/08\/20120725_191327-300x225.jpg\" alt=\"\" width=\"270\" height=\"203\" srcset=\"https:\/\/laufclub-worb.ch\/b\/wp-content\/uploads\/2012\/08\/20120725_191327-300x225.jpg 300w, https:\/\/laufclub-worb.ch\/b\/wp-content\/uploads\/2012\/08\/20120725_191327.jpg 640w\" sizes=\"(max-width: 270px) 100vw, 270px\" \/><\/a><\/p>\n<p><a title=\"Erholung\" href=\"http:\/\/laufclub-worb.ch\/b\/wp-content\/uploads\/2012\/08\/20120725_184006.jpg\" target=\"_blank\" rel=\"lightbox[672]\"><img loading=\"lazy\" decoding=\"async\" class=\"alignright size-medium wp-image-667\" title=\"20120725_184006\" src=\"http:\/\/laufclub-worb.ch\/b\/wp-content\/uploads\/2012\/08\/20120725_184006-300x225.jpg\" alt=\"\" width=\"270\" height=\"203\" srcset=\"https:\/\/laufclub-worb.ch\/b\/wp-content\/uploads\/2012\/08\/20120725_184006-300x225.jpg 300w, https:\/\/laufclub-worb.ch\/b\/wp-content\/uploads\/2012\/08\/20120725_184006.jpg 640w\" sizes=\"(max-width: 270px) 100vw, 270px\" \/><\/a><\/p>\n","protected":false},"excerpt":{"rendered":"<p>Am 25.07.2012 hatten wir die K\u00fchnheit, die M\u00fclenen-Pyramide joggend zu erklimmen.\u00a0Unser ehrw\u00fcrdiger Berner Hausberg, der Niesen, wartete darauf, von uns bezwungen zu werden.\u00a0Den vielen Serpentinen folgend, auf teilweise steilen Wurzelpfaden stiegen wir im Wald bergan. Immer wieder boten sich wundersch\u00f6ne Ausblicke hin\u00fcber zum Niederhorn und dem Sigriswilergrat. Ab der Mittelstation folgte der schattenlose Aufstieg \u00fcber [&hellip;]<\/p>\n","protected":false},"author":1,"featured_media":0,"comment_status":"closed","ping_status":"closed","sticky":false,"template":"","format":"standard","meta":{"footnotes":""},"categories":[5],"tags":[],"_links":{"self":[{"href":"https:\/\/laufclub-worb.ch\/index.php?rest_route=\/wp\/v2\/posts\/672"}],"collection":[{"href":"https:\/\/laufclub-worb.ch\/index.php?rest_route=\/wp\/v2\/posts"}],"about":[{"href":"https:\/\/laufclub-worb.ch\/index.php?rest_route=\/wp\/v2\/types\/post"}],"author":[{"embeddable":true,"href":"https:\/\/laufclub-worb.ch\/index.php?rest_route=\/wp\/v2\/users\/1"}],"replies":[{"embeddable":true,"href":"https:\/\/laufclub-worb.ch\/index.php?rest_route=%2Fwp%2Fv2%2Fcomments&post=672"}],"version-history":[{"count":34,"href":"https:\/\/laufclub-worb.ch\/index.php?rest_route=\/wp\/v2\/posts\/672\/revisions"}],"predecessor-version":[{"id":718,"href":"https:\/\/laufclub-worb.ch\/index.php?rest_route=\/wp\/v2\/posts\/672\/revisions\/718"}],"wp:attachment":[{"href":"https:\/\/laufclub-worb.ch\/index.php?rest_route=%2Fwp%2Fv2%2Fmedia&parent=672"}],"wp:term":[{"taxonomy":"category","embeddable":true,"href":"https:\/\/laufclub-worb.ch\/index.php?rest_route=%2Fwp%2Fv2%2Fcategories&post=672"},{"taxonomy":"post_tag","embeddable":true,"href":"https:\/\/laufclub-worb.ch\/index.php?rest_route=%2Fwp%2Fv2%2Ftags&post=672"}],"curies":[{"name":"wp","href":"https:\/\/api.w.org\/{rel}","templated":true}]}}